{"id":1231,"date":"2022-05-21T13:17:33","date_gmt":"2022-05-21T11:17:33","guid":{"rendered":"http:\/\/sv-b-s.de\/wp\/?p=1231"},"modified":"2022-05-21T13:18:28","modified_gmt":"2022-05-21T11:18:28","slug":"horrido","status":"publish","type":"post","link":"http:\/\/sv-b-s.de\/wp\/2022\/05\/21\/horrido\/","title":{"rendered":"HORRIDO!"},"content":{"rendered":"\n<p>Horrido &#8211; es ist soweit &#8211; endlich wieder Sch\u00fctzenfest in Eggerm\u00fchlen!<\/p>\n\n\n\n<p>Bereits gestern hat sich unser Dorf &#8222;schick gemacht&#8220; &#8211; heute geht es los, um 18:15 Uhr Antreten zum Abmarsch zur Sch\u00fctzenmesse.<\/p>\n\n\n\n<p>Der Vorstand w\u00fcnscht allen Mitgliedern drei sch\u00f6ne Sch\u00fctzenfesttage bei hoffentlich bestem Sch\u00fctzenfestwetter.<\/p>\n\n\n\n<p><\/p>\n\n\n\n<figure class=\"wp-block-image size-large\"><img loading=\"lazy\" width=\"738\" height=\"1024\" src=\"http:\/\/sv-b-s.de\/wp-content\/uploads\/2022\/05\/Anzeige-Schuetzenfest-2022-neu-738x1024.jpg\" alt=\"\" class=\"wp-image-1232\" srcset=\"http:\/\/sv-b-s.de\/wp-content\/uploads\/2022\/05\/Anzeige-Schuetzenfest-2022-neu-738x1024.jpg 738w, http:\/\/sv-b-s.de\/wp-content\/uploads\/2022\/05\/Anzeige-Schuetzenfest-2022-neu-216x300.jpg 216w, http:\/\/sv-b-s.de\/wp-content\/uploads\/2022\/05\/Anzeige-Schuetzenfest-2022-neu-768x1065.jpg 768w, http:\/\/sv-b-s.de\/wp-content\/uploads\/2022\/05\/Anzeige-Schuetzenfest-2022-neu-1108x1536.jpg 1108w, http:\/\/sv-b-s.de\/wp-content\/uploads\/2022\/05\/Anzeige-Schuetzenfest-2022-neu.jpg 1396w\" sizes=\"(max-width: 738px) 100vw, 738px\" \/><\/figure>\n\n\n\n<p><\/p>\n","protected":false},"excerpt":{"rendered":"<p>Horrido &#8211; es ist soweit &#8211; endlich wieder Sch\u00fctzenfest in Eggerm\u00fchlen! Bereits gestern hat sich unser Dorf &#8222;schick gemacht&#8220; &#8211;<\/p>\n","protected":false},"author":2,"featured_media":0,"comment_status":"closed","ping_status":"open","sticky":false,"template":"","format":"standard","meta":[],"categories":[1],"tags":[],"_links":{"self":[{"href":"http:\/\/sv-b-s.de\/wp\/wp-json\/wp\/v2\/posts\/1231"}],"collection":[{"href":"http:\/\/sv-b-s.de\/wp\/wp-json\/wp\/v2\/posts"}],"about":[{"href":"http:\/\/sv-b-s.de\/wp\/wp-json\/wp\/v2\/types\/post"}],"author":[{"embeddable":true,"href":"http:\/\/sv-b-s.de\/wp\/wp-json\/wp\/v2\/users\/2"}],"replies":[{"embeddable":true,"href":"http:\/\/sv-b-s.de\/wp\/wp-json\/wp\/v2\/comments?post=1231"}],"version-history":[{"count":2,"href":"http:\/\/sv-b-s.de\/wp\/wp-json\/wp\/v2\/posts\/1231\/revisions"}],"predecessor-version":[{"id":1234,"href":"http:\/\/sv-b-s.de\/wp\/wp-json\/wp\/v2\/posts\/1231\/revisions\/1234"}],"wp:attachment":[{"href":"http:\/\/sv-b-s.de\/wp\/wp-json\/wp\/v2\/media?parent=1231"}],"wp:term":[{"taxonomy":"category","embeddable":true,"href":"http:\/\/sv-b-s.de\/wp\/wp-json\/wp\/v2\/categories?post=1231"},{"taxonomy":"post_tag","embeddable":true,"href":"http:\/\/sv-b-s.de\/wp\/wp-json\/wp\/v2\/tags?post=1231"}],"curies":[{"name":"wp","href":"https:\/\/api.w.org\/{rel}","templated":true}]}}