{"id":2180,"date":"2024-07-31T15:37:57","date_gmt":"2024-07-31T13:37:57","guid":{"rendered":"http:\/\/sv-b-s.de\/wp\/?p=2180"},"modified":"2024-07-31T15:37:57","modified_gmt":"2024-07-31T13:37:57","slug":"neue-gewehre-fuer-die-jugend","status":"publish","type":"post","link":"http:\/\/sv-b-s.de\/wp\/2024\/07\/31\/neue-gewehre-fuer-die-jugend\/","title":{"rendered":"Neue Gewehre f\u00fcr die Jugend"},"content":{"rendered":"\n<p>Mit freundlicher Unterst\u00fctzung durch die Sponsoren Kreissparkasse Bersenbr\u00fcck, Stiftung Lauter und die B\u00fcrgerstiftung in der Samtgemeinde Bersenbr\u00fcck wurden vom Sch\u00fctzenverein Basum-Sussum k\u00fcrzlich zwei neue Luftgewehre f\u00fcr die Jugendmannschaft angeschafft. Der Sch\u00fctzenverein freut sich, diese im Rahmen eines \u00dcbungsschie\u00dfens zu pr\u00e4sentieren. Dazu sind alle Interessierten ab 12 Jahre herzlich eingeladen. Das Schie\u00dfen findet am 15. August ab 18:00 Uhr in der Sch\u00fctzenhalle am Vereinslokal B\u00f6hmann statt. F\u00fcr Essen und Getr\u00e4nke ist selbstverst\u00e4ndlich gesorgt. Die aktuelle Jugendmannschaft (zweifacher Sieger in Folge) wird ebenfalls anwesend sein und neue Sch\u00fctzen gerne an die Hand nehmen. Wer Interesse hat, einer Mannschaft beizutreten, kann sich vor Ort gerne an die Schie\u00dfsportleitung (Michael Klune) wenden.<\/p>\n\n\n\n<p><\/p>\n\n\n\n<figure class=\"wp-block-image size-large\"><img loading=\"lazy\" width=\"1024\" height=\"1024\" src=\"http:\/\/sv-b-s.de\/wp-content\/uploads\/2024\/07\/Flyer-01-1024x1024.png\" alt=\"\" class=\"wp-image-2181\" srcset=\"http:\/\/sv-b-s.de\/wp-content\/uploads\/2024\/07\/Flyer-01-1024x1024.png 1024w, http:\/\/sv-b-s.de\/wp-content\/uploads\/2024\/07\/Flyer-01-300x300.png 300w, http:\/\/sv-b-s.de\/wp-content\/uploads\/2024\/07\/Flyer-01-150x150.png 150w, http:\/\/sv-b-s.de\/wp-content\/uploads\/2024\/07\/Flyer-01-768x768.png 768w, http:\/\/sv-b-s.de\/wp-content\/uploads\/2024\/07\/Flyer-01-500x500.png 500w, http:\/\/sv-b-s.de\/wp-content\/uploads\/2024\/07\/Flyer-01-400x400.png 400w, http:\/\/sv-b-s.de\/wp-content\/uploads\/2024\/07\/Flyer-01.png 1080w\" sizes=\"(max-width: 1024px) 100vw, 1024px\" \/><\/figure>\n\n\n\n<p><\/p>\n\n\n\n<p><\/p>\n\n\n\n<p><\/p>\n","protected":false},"excerpt":{"rendered":"<p>Mit freundlicher Unterst\u00fctzung durch die Sponsoren Kreissparkasse Bersenbr\u00fcck, Stiftung Lauter und die B\u00fcrgerstiftung in der Samtgemeinde Bersenbr\u00fcck wurden vom Sch\u00fctzenverein<\/p>\n","protected":false},"author":2,"featured_media":0,"comment_status":"closed","ping_status":"open","sticky":false,"template":"","format":"standard","meta":[],"categories":[1],"tags":[],"_links":{"self":[{"href":"http:\/\/sv-b-s.de\/wp\/wp-json\/wp\/v2\/posts\/2180"}],"collection":[{"href":"http:\/\/sv-b-s.de\/wp\/wp-json\/wp\/v2\/posts"}],"about":[{"href":"http:\/\/sv-b-s.de\/wp\/wp-json\/wp\/v2\/types\/post"}],"author":[{"embeddable":true,"href":"http:\/\/sv-b-s.de\/wp\/wp-json\/wp\/v2\/users\/2"}],"replies":[{"embeddable":true,"href":"http:\/\/sv-b-s.de\/wp\/wp-json\/wp\/v2\/comments?post=2180"}],"version-history":[{"count":1,"href":"http:\/\/sv-b-s.de\/wp\/wp-json\/wp\/v2\/posts\/2180\/revisions"}],"predecessor-version":[{"id":2182,"href":"http:\/\/sv-b-s.de\/wp\/wp-json\/wp\/v2\/posts\/2180\/revisions\/2182"}],"wp:attachment":[{"href":"http:\/\/sv-b-s.de\/wp\/wp-json\/wp\/v2\/media?parent=2180"}],"wp:term":[{"taxonomy":"category","embeddable":true,"href":"http:\/\/sv-b-s.de\/wp\/wp-json\/wp\/v2\/categories?post=2180"},{"taxonomy":"post_tag","embeddable":true,"href":"http:\/\/sv-b-s.de\/wp\/wp-json\/wp\/v2\/tags?post=2180"}],"curies":[{"name":"wp","href":"https:\/\/api.w.org\/{rel}","templated":true}]}}