{"id":801,"date":"2018-11-28T18:47:15","date_gmt":"2018-11-28T17:47:15","guid":{"rendered":"http:\/\/sv-b-s.de\/wp\/?p=801"},"modified":"2018-11-28T18:47:15","modified_gmt":"2018-11-28T17:47:15","slug":"weihnachtsschiessen","status":"publish","type":"post","link":"http:\/\/sv-b-s.de\/wp\/2018\/11\/28\/weihnachtsschiessen\/","title":{"rendered":"Weihnachtsschie\u00dfen"},"content":{"rendered":"<p>HO&#8230;.HO&#8230;.HO!!<\/p>\n<p>Die Adventszeit hat begonnen&#8230;<\/p>\n<p>&#8222;Fr\u00fcher war mehr Lametta&#8230;&#8220; heute mehr Knobeln, Schie\u00dfen, Gl\u00fchwein und Festbraten!<\/p>\n<p>Am Freitag, den 7. Dezember soll es losgehen: &#8222;GL\u00dcHKNOBELN&#8220; ab 18:00 an B\u00f6hmanns Gl\u00fchbude \ud83c\udf7b\ud83e\udd42\ud83e\udd17<\/p>\n<p>Eine Woche sp\u00e4ter dann das traditionelle &#8222;Warm-Up-Knobeln&#8220; zum Weihnachtsschie\u00dfen in der Gastst\u00e4tte Havermann ab 19:00.<\/p>\n<p>Am Samstag dann das Schie\u00dfen um Festbraten in der Schie\u00dfhalle, ab 18:00.<\/p>\n<p>Der Sch\u00fctzenverein w\u00fcnscht allen Teilnehmern viel Gl\u00fcck beim Knobeln, eine ruhige Hand am Schie\u00dfstand und eine sch\u00f6ne Adventszeit.<\/p>\n<p>Horrido!<\/p>\n<p><img loading=\"lazy\" src=\"http:\/\/sv-b-s.de\/wp-content\/uploads\/2018\/11\/Weihnachtsschie\u00dfen-2018-212x300.jpg\" alt=\"\" width=\"212\" height=\"300\" class=\"alignnone size-medium wp-image-802\" srcset=\"http:\/\/sv-b-s.de\/wp-content\/uploads\/2018\/11\/Weihnachtsschie\u00dfen-2018-212x300.jpg 212w, http:\/\/sv-b-s.de\/wp-content\/uploads\/2018\/11\/Weihnachtsschie\u00dfen-2018-768x1085.jpg 768w, http:\/\/sv-b-s.de\/wp-content\/uploads\/2018\/11\/Weihnachtsschie\u00dfen-2018-725x1024.jpg 725w, http:\/\/sv-b-s.de\/wp-content\/uploads\/2018\/11\/Weihnachtsschie\u00dfen-2018.jpg 1123w\" sizes=\"(max-width: 212px) 100vw, 212px\" \/><\/p>\n","protected":false},"excerpt":{"rendered":"<p>HO&#8230;.HO&#8230;.HO!! Die Adventszeit hat begonnen&#8230; &#8222;Fr\u00fcher war mehr Lametta&#8230;&#8220; heute mehr Knobeln, Schie\u00dfen, Gl\u00fchwein und Festbraten! Am Freitag, den 7.<\/p>\n","protected":false},"author":2,"featured_media":0,"comment_status":"open","ping_status":"open","sticky":false,"template":"","format":"standard","meta":[],"categories":[1],"tags":[],"_links":{"self":[{"href":"http:\/\/sv-b-s.de\/wp\/wp-json\/wp\/v2\/posts\/801"}],"collection":[{"href":"http:\/\/sv-b-s.de\/wp\/wp-json\/wp\/v2\/posts"}],"about":[{"href":"http:\/\/sv-b-s.de\/wp\/wp-json\/wp\/v2\/types\/post"}],"author":[{"embeddable":true,"href":"http:\/\/sv-b-s.de\/wp\/wp-json\/wp\/v2\/users\/2"}],"replies":[{"embeddable":true,"href":"http:\/\/sv-b-s.de\/wp\/wp-json\/wp\/v2\/comments?post=801"}],"version-history":[{"count":1,"href":"http:\/\/sv-b-s.de\/wp\/wp-json\/wp\/v2\/posts\/801\/revisions"}],"predecessor-version":[{"id":803,"href":"http:\/\/sv-b-s.de\/wp\/wp-json\/wp\/v2\/posts\/801\/revisions\/803"}],"wp:attachment":[{"href":"http:\/\/sv-b-s.de\/wp\/wp-json\/wp\/v2\/media?parent=801"}],"wp:term":[{"taxonomy":"category","embeddable":true,"href":"http:\/\/sv-b-s.de\/wp\/wp-json\/wp\/v2\/categories?post=801"},{"taxonomy":"post_tag","embeddable":true,"href":"http:\/\/sv-b-s.de\/wp\/wp-json\/wp\/v2\/tags?post=801"}],"curies":[{"name":"wp","href":"https:\/\/api.w.org\/{rel}","templated":true}]}}